{"id":854246,"date":"2016-10-20T07:30:23","date_gmt":"2016-10-20T06:30:23","guid":{"rendered":"https:\/\/fagorautomation.com.cn\/jose-perez-berdud-new-ceo-of-fagor-automation\/"},"modified":"2023-08-12T07:10:53","modified_gmt":"2023-08-12T06:10:53","slug":"jose-perez-berdud-new-ceo-of-fagor-automation","status":"publish","type":"post","link":"https:\/\/fagorautomation.com.cn\/en\/jose-perez-berdud-new-ceo-of-fagor-automation\/","title":{"rendered":"Jos\u00e9 P\u00e9rez Berdud, new CEO of Fagor Automation"},"content":{"rendered":"<p style=\"text-align: justify;\">Following the retirement of Pedro Ru\u00edz de Aguirre after 8 years in the position, <strong>J\u00f3se P\u00e9rez Berdud<\/strong> has been chosen to fill the position of <strong>Chief Executive Officer of <\/strong><a href=\"https:\/\/fagorautomation.com.cn\/en\/\" target=\"_blank\" rel=\"noopener\"><strong>Fagor Automation<\/strong><\/a>, as of July 1, 2016.<!--more--><\/p>\n<p style=\"text-align: justify;\"><img loading=\"lazy\" decoding=\"async\" class=\"alignleft size-medium wp-image-79465\" src=\"https:\/\/fagorautomation.com.cn\/wp-content\/uploads\/pepe_perez-225x300.jpeg\" alt=\"pepe_perez\" width=\"225\" height=\"300\" \/>Jos\u00e9 P\u00e9rez is 49 years old, a native of Zumarraga (Gipuzkoa), and an Electronics Engineer with an MBA from <a href=\"http:\/\/www.mondragon.edu\/en\" target=\"_blank\" rel=\"noopener\">Mondragon Unibertsitatea<\/a>. He has spent his entire career at Fagor Automation, since he started work in 1993 as a technician in the Research and Development department. He has been employed in different positions in the company, always in relation to manufacturing, logistics and purchasing. Since 2005, he has held the position of Industrial Director and he is now immersed in this new era as CEO.<\/p>\n","protected":false},"excerpt":{"rendered":"<p>Following the retirement of Pedro Ru\u00edz de Aguirre after 8 years in the position, J\u00f3se &#8230; <a title=\"Jos\u00e9 P\u00e9rez Berdud, new CEO of Fagor Automation\" class=\"read-more\" href=\"https:\/\/fagorautomation.com.cn\/en\/jose-perez-berdud-new-ceo-of-fagor-automation\/\" aria-label=\"Read more about Jos\u00e9 P\u00e9rez Berdud, new CEO of Fagor Automation\"> <\/a><\/p>\n","protected":false},"author":1,"featured_media":843403,"comment_status":"open","ping_status":"open","sticky":false,"template":"","format":"standard","meta":{"_acf_changed":false,"footnotes":""},"categories":[311,1],"tags":[2359,2358,2357],"class_list":["post-854246","post","type-post","status-publish","format-standard","has-post-thumbnail","hentry","category-general-en","category-sin-categoria","tag-ceo","tag-new","tag-new-ceo","generate-columns","tablet-grid-50","mobile-grid-100","grid-parent","grid-33","resize-featured-image"],"acf":[],"yoast_head":"<!-- This site is optimized with the Yoast SEO plugin v22.2 - https:\/\/yoast.com\/wordpress\/plugins\/seo\/ -->\n<title>Jos\u00e9 P\u00e9rez Berdud, new CEO of Fagor Automation - Fagor Automation<\/title>\n<meta name=\"robots\" content=\"index, follow, max-snippet:-1, max-image-preview:large, max-video-preview:-1\" \/>\n<link rel=\"canonical\" href=\"https:\/\/fagorautomation.com.cn\/en\/jose-perez-berdud-new-ceo-of-fagor-automation\/\" \/>\n<meta property=\"og:locale\" content=\"en_US\" \/>\n<meta property=\"og:type\" content=\"article\" \/>\n<meta property=\"og:title\" content=\"Jos\u00e9 P\u00e9rez Berdud, new CEO of Fagor Automation - Fagor Automation\" \/>\n<meta property=\"og:description\" content=\"Following the retirement of Pedro Ru\u00edz de Aguirre after 8 years in the position, J\u00f3se ...\" \/>\n<meta property=\"og:url\" content=\"https:\/\/fagorautomation.com.cn\/en\/jose-perez-berdud-new-ceo-of-fagor-automation\/\" \/>\n<meta property=\"og:site_name\" content=\"Fagor Automation\" \/>\n<meta property=\"article:published_time\" content=\"2016-10-20T06:30:23+00:00\" \/>\n<meta property=\"article:modified_time\" content=\"2023-08-12T06:10:53+00:00\" \/>\n<meta property=\"og:image\" content=\"https:\/\/fagorautomation.com.cn\/wp-content\/uploads\/pepe_perez-1.jpeg\" \/>\n\t<meta property=\"og:image:width\" content=\"480\" \/>\n\t<meta property=\"og:image:height\" content=\"640\" \/>\n\t<meta property=\"og:image:type\" content=\"image\/jpeg\" \/>\n<meta name=\"author\" content=\"adminfagor\" \/>\n<meta name=\"twitter:card\" content=\"summary_large_image\" \/>\n<meta name=\"twitter:creator\" content=\"@FagorAutomation\" \/>\n<meta name=\"twitter:site\" content=\"@FagorAutomation\" \/>\n<meta name=\"twitter:label1\" content=\"Written by\" \/>\n\t<meta name=\"twitter:data1\" content=\"adminfagor\" \/>\n\t<meta name=\"twitter:label2\" content=\"Est. reading time\" \/>\n\t<meta name=\"twitter:data2\" content=\"1 minute\" \/>\n<script type=\"application\/ld+json\" class=\"yoast-schema-graph\">{\"@context\":\"https:\/\/schema.org\",\"@graph\":[{\"@type\":\"Article\",\"@id\":\"https:\/\/fagorautomation.com.cn\/en\/jose-perez-berdud-new-ceo-of-fagor-automation\/#article\",\"isPartOf\":{\"@id\":\"https:\/\/fagorautomation.com.cn\/en\/jose-perez-berdud-new-ceo-of-fagor-automation\/\"},\"author\":{\"name\":\"adminfagor\",\"@id\":\"https:\/\/fagorautomation.com.cn\/#\/schema\/person\/8380dfe34f0b271586f6922bfa8d0f35\"},\"headline\":\"Jos\u00e9 P\u00e9rez Berdud, new CEO of Fagor Automation\",\"datePublished\":\"2016-10-20T06:30:23+00:00\",\"dateModified\":\"2023-08-12T06:10:53+00:00\",\"mainEntityOfPage\":{\"@id\":\"https:\/\/fagorautomation.com.cn\/en\/jose-perez-berdud-new-ceo-of-fagor-automation\/\"},\"wordCount\":127,\"commentCount\":0,\"publisher\":{\"@id\":\"https:\/\/fagorautomation.com.cn\/#organization\"},\"image\":{\"@id\":\"https:\/\/fagorautomation.com.cn\/en\/jose-perez-berdud-new-ceo-of-fagor-automation\/#primaryimage\"},\"thumbnailUrl\":\"https:\/\/fagorautomation.com.cn\/wp-content\/uploads\/pepe_perez-1.jpeg\",\"keywords\":[\"CEO\",\"new\",\"new CEO\"],\"articleSection\":[\"General\",\"Sin categor\u00eda\"],\"inLanguage\":\"en\",\"potentialAction\":[{\"@type\":\"CommentAction\",\"name\":\"Comment\",\"target\":[\"https:\/\/fagorautomation.com.cn\/en\/jose-perez-berdud-new-ceo-of-fagor-automation\/#respond\"]}]},{\"@type\":\"WebPage\",\"@id\":\"https:\/\/fagorautomation.com.cn\/en\/jose-perez-berdud-new-ceo-of-fagor-automation\/\",\"url\":\"https:\/\/fagorautomation.com.cn\/en\/jose-perez-berdud-new-ceo-of-fagor-automation\/\",\"name\":\"Jos\u00e9 P\u00e9rez Berdud, new CEO of Fagor Automation - Fagor Automation\",\"isPartOf\":{\"@id\":\"https:\/\/fagorautomation.com.cn\/#website\"},\"primaryImageOfPage\":{\"@id\":\"https:\/\/fagorautomation.com.cn\/en\/jose-perez-berdud-new-ceo-of-fagor-automation\/#primaryimage\"},\"image\":{\"@id\":\"https:\/\/fagorautomation.com.cn\/en\/jose-perez-berdud-new-ceo-of-fagor-automation\/#primaryimage\"},\"thumbnailUrl\":\"https:\/\/fagorautomation.com.cn\/wp-content\/uploads\/pepe_perez-1.jpeg\",\"datePublished\":\"2016-10-20T06:30:23+00:00\",\"dateModified\":\"2023-08-12T06:10:53+00:00\",\"breadcrumb\":{\"@id\":\"https:\/\/fagorautomation.com.cn\/en\/jose-perez-berdud-new-ceo-of-fagor-automation\/#breadcrumb\"},\"inLanguage\":\"en\",\"potentialAction\":[{\"@type\":\"ReadAction\",\"target\":[\"https:\/\/fagorautomation.com.cn\/en\/jose-perez-berdud-new-ceo-of-fagor-automation\/\"]}]},{\"@type\":\"ImageObject\",\"inLanguage\":\"en\",\"@id\":\"https:\/\/fagorautomation.com.cn\/en\/jose-perez-berdud-new-ceo-of-fagor-automation\/#primaryimage\",\"url\":\"https:\/\/fagorautomation.com.cn\/wp-content\/uploads\/pepe_perez-1.jpeg\",\"contentUrl\":\"https:\/\/fagorautomation.com.cn\/wp-content\/uploads\/pepe_perez-1.jpeg\",\"width\":480,\"height\":640},{\"@type\":\"BreadcrumbList\",\"@id\":\"https:\/\/fagorautomation.com.cn\/en\/jose-perez-berdud-new-ceo-of-fagor-automation\/#breadcrumb\",\"itemListElement\":[{\"@type\":\"ListItem\",\"position\":1,\"name\":\"\",\"item\":\"https:\/\/fagorautomation.com.cn\"},{\"@type\":\"ListItem\",\"position\":2,\"name\":\"Jos\u00e9 P\u00e9rez Berdud, new CEO of Fagor Automation\"}]},{\"@type\":\"WebSite\",\"@id\":\"https:\/\/fagorautomation.com.cn\/#website\",\"url\":\"https:\/\/fagorautomation.com.cn\/\",\"name\":\"Fagor Automation\",\"description\":\"Development and manufacture of automation products and machine control\",\"publisher\":{\"@id\":\"https:\/\/fagorautomation.com.cn\/#organization\"},\"alternateName\":\"Fagor Automation\",\"potentialAction\":[{\"@type\":\"SearchAction\",\"target\":{\"@type\":\"EntryPoint\",\"urlTemplate\":\"https:\/\/fagorautomation.com.cn\/?s={search_term_string}\"},\"query-input\":\"required name=search_term_string\"}],\"inLanguage\":\"en\"},{\"@type\":\"Organization\",\"@id\":\"https:\/\/fagorautomation.com.cn\/#organization\",\"name\":\"Fagor Automation\",\"alternateName\":\"Fagor Automation\",\"url\":\"https:\/\/fagorautomation.com.cn\/\",\"logo\":{\"@type\":\"ImageObject\",\"inLanguage\":\"en\",\"@id\":\"https:\/\/fagorautomation.com.cn\/#\/schema\/logo\/image\/\",\"url\":\"https:\/\/fagorautomation.com.cn\/wp-content\/uploads\/logo-fagorautomation.png\",\"contentUrl\":\"https:\/\/fagorautomation.com.cn\/wp-content\/uploads\/logo-fagorautomation.png\",\"width\":134,\"height\":47,\"caption\":\"Fagor Automation\"},\"image\":{\"@id\":\"https:\/\/fagorautomation.com.cn\/#\/schema\/logo\/image\/\"},\"sameAs\":[\"https:\/\/twitter.com\/FagorAutomation\",\"https:\/\/www.linkedin.com\/company\/fagor-automation-cnc-feedbacksystems\/\",\"https:\/\/vimeo.com\/fagorautomation\/channels\",\"https:\/\/fagorautomation.com.cn\/en\/feed\/rss\/\",\"https:\/\/www.flickr.com\/photos\/fagorautomation\/collections\/\"]},{\"@type\":\"Person\",\"@id\":\"https:\/\/fagorautomation.com.cn\/#\/schema\/person\/8380dfe34f0b271586f6922bfa8d0f35\",\"name\":\"adminfagor\",\"image\":{\"@type\":\"ImageObject\",\"inLanguage\":\"en\",\"@id\":\"https:\/\/fagorautomation.com.cn\/#\/schema\/person\/image\/\",\"url\":\"https:\/\/secure.gravatar.com\/avatar\/3be59f085aff190f1b69e6f3720c841ca244e04e22b0f7a793b0792c68c4d1d5?s=96&d=mm&r=g\",\"contentUrl\":\"https:\/\/secure.gravatar.com\/avatar\/3be59f085aff190f1b69e6f3720c841ca244e04e22b0f7a793b0792c68c4d1d5?s=96&d=mm&r=g\",\"caption\":\"adminfagor\"},\"sameAs\":[\"https:\/\/fagorautomation.com.cn\"],\"url\":\"https:\/\/fagorautomation.com.cn\/en\/author\/adminfagor\/\"}]}<\/script>\n<!-- \/ Yoast SEO plugin. -->","yoast_head_json":{"title":"Jos\u00e9 P\u00e9rez Berdud, new CEO of Fagor Automation - Fagor Automation","robots":{"index":"index","follow":"follow","max-snippet":"max-snippet:-1","max-image-preview":"max-image-preview:large","max-video-preview":"max-video-preview:-1"},"canonical":"https:\/\/fagorautomation.com.cn\/en\/jose-perez-berdud-new-ceo-of-fagor-automation\/","og_locale":"en_US","og_type":"article","og_title":"Jos\u00e9 P\u00e9rez Berdud, new CEO of Fagor Automation - Fagor Automation","og_description":"Following the retirement of Pedro Ru\u00edz de Aguirre after 8 years in the position, J\u00f3se ...","og_url":"https:\/\/fagorautomation.com.cn\/en\/jose-perez-berdud-new-ceo-of-fagor-automation\/","og_site_name":"Fagor Automation","article_published_time":"2016-10-20T06:30:23+00:00","article_modified_time":"2023-08-12T06:10:53+00:00","og_image":[{"width":480,"height":640,"url":"https:\/\/fagorautomation.com.cn\/wp-content\/uploads\/pepe_perez-1.jpeg","type":"image\/jpeg"}],"author":"adminfagor","twitter_card":"summary_large_image","twitter_creator":"@FagorAutomation","twitter_site":"@FagorAutomation","twitter_misc":{"Written by":"adminfagor","Est. reading time":"1 minute"},"schema":{"@context":"https:\/\/schema.org","@graph":[{"@type":"Article","@id":"https:\/\/fagorautomation.com.cn\/en\/jose-perez-berdud-new-ceo-of-fagor-automation\/#article","isPartOf":{"@id":"https:\/\/fagorautomation.com.cn\/en\/jose-perez-berdud-new-ceo-of-fagor-automation\/"},"author":{"name":"adminfagor","@id":"https:\/\/fagorautomation.com.cn\/#\/schema\/person\/8380dfe34f0b271586f6922bfa8d0f35"},"headline":"Jos\u00e9 P\u00e9rez Berdud, new CEO of Fagor Automation","datePublished":"2016-10-20T06:30:23+00:00","dateModified":"2023-08-12T06:10:53+00:00","mainEntityOfPage":{"@id":"https:\/\/fagorautomation.com.cn\/en\/jose-perez-berdud-new-ceo-of-fagor-automation\/"},"wordCount":127,"commentCount":0,"publisher":{"@id":"https:\/\/fagorautomation.com.cn\/#organization"},"image":{"@id":"https:\/\/fagorautomation.com.cn\/en\/jose-perez-berdud-new-ceo-of-fagor-automation\/#primaryimage"},"thumbnailUrl":"https:\/\/fagorautomation.com.cn\/wp-content\/uploads\/pepe_perez-1.jpeg","keywords":["CEO","new","new CEO"],"articleSection":["General","Sin categor\u00eda"],"inLanguage":"en","potentialAction":[{"@type":"CommentAction","name":"Comment","target":["https:\/\/fagorautomation.com.cn\/en\/jose-perez-berdud-new-ceo-of-fagor-automation\/#respond"]}]},{"@type":"WebPage","@id":"https:\/\/fagorautomation.com.cn\/en\/jose-perez-berdud-new-ceo-of-fagor-automation\/","url":"https:\/\/fagorautomation.com.cn\/en\/jose-perez-berdud-new-ceo-of-fagor-automation\/","name":"Jos\u00e9 P\u00e9rez Berdud, new CEO of Fagor Automation - Fagor Automation","isPartOf":{"@id":"https:\/\/fagorautomation.com.cn\/#website"},"primaryImageOfPage":{"@id":"https:\/\/fagorautomation.com.cn\/en\/jose-perez-berdud-new-ceo-of-fagor-automation\/#primaryimage"},"image":{"@id":"https:\/\/fagorautomation.com.cn\/en\/jose-perez-berdud-new-ceo-of-fagor-automation\/#primaryimage"},"thumbnailUrl":"https:\/\/fagorautomation.com.cn\/wp-content\/uploads\/pepe_perez-1.jpeg","datePublished":"2016-10-20T06:30:23+00:00","dateModified":"2023-08-12T06:10:53+00:00","breadcrumb":{"@id":"https:\/\/fagorautomation.com.cn\/en\/jose-perez-berdud-new-ceo-of-fagor-automation\/#breadcrumb"},"inLanguage":"en","potentialAction":[{"@type":"ReadAction","target":["https:\/\/fagorautomation.com.cn\/en\/jose-perez-berdud-new-ceo-of-fagor-automation\/"]}]},{"@type":"ImageObject","inLanguage":"en","@id":"https:\/\/fagorautomation.com.cn\/en\/jose-perez-berdud-new-ceo-of-fagor-automation\/#primaryimage","url":"https:\/\/fagorautomation.com.cn\/wp-content\/uploads\/pepe_perez-1.jpeg","contentUrl":"https:\/\/fagorautomation.com.cn\/wp-content\/uploads\/pepe_perez-1.jpeg","width":480,"height":640},{"@type":"BreadcrumbList","@id":"https:\/\/fagorautomation.com.cn\/en\/jose-perez-berdud-new-ceo-of-fagor-automation\/#breadcrumb","itemListElement":[{"@type":"ListItem","position":1,"name":"","item":"https:\/\/fagorautomation.com.cn"},{"@type":"ListItem","position":2,"name":"Jos\u00e9 P\u00e9rez Berdud, new CEO of Fagor Automation"}]},{"@type":"WebSite","@id":"https:\/\/fagorautomation.com.cn\/#website","url":"https:\/\/fagorautomation.com.cn\/","name":"Fagor Automation","description":"Development and manufacture of automation products and machine control","publisher":{"@id":"https:\/\/fagorautomation.com.cn\/#organization"},"alternateName":"Fagor Automation","potentialAction":[{"@type":"SearchAction","target":{"@type":"EntryPoint","urlTemplate":"https:\/\/fagorautomation.com.cn\/?s={search_term_string}"},"query-input":"required name=search_term_string"}],"inLanguage":"en"},{"@type":"Organization","@id":"https:\/\/fagorautomation.com.cn\/#organization","name":"Fagor Automation","alternateName":"Fagor Automation","url":"https:\/\/fagorautomation.com.cn\/","logo":{"@type":"ImageObject","inLanguage":"en","@id":"https:\/\/fagorautomation.com.cn\/#\/schema\/logo\/image\/","url":"https:\/\/fagorautomation.com.cn\/wp-content\/uploads\/logo-fagorautomation.png","contentUrl":"https:\/\/fagorautomation.com.cn\/wp-content\/uploads\/logo-fagorautomation.png","width":134,"height":47,"caption":"Fagor Automation"},"image":{"@id":"https:\/\/fagorautomation.com.cn\/#\/schema\/logo\/image\/"},"sameAs":["https:\/\/twitter.com\/FagorAutomation","https:\/\/www.linkedin.com\/company\/fagor-automation-cnc-feedbacksystems\/","https:\/\/vimeo.com\/fagorautomation\/channels","https:\/\/fagorautomation.com.cn\/en\/feed\/rss\/","https:\/\/www.flickr.com\/photos\/fagorautomation\/collections\/"]},{"@type":"Person","@id":"https:\/\/fagorautomation.com.cn\/#\/schema\/person\/8380dfe34f0b271586f6922bfa8d0f35","name":"adminfagor","image":{"@type":"ImageObject","inLanguage":"en","@id":"https:\/\/fagorautomation.com.cn\/#\/schema\/person\/image\/","url":"https:\/\/secure.gravatar.com\/avatar\/3be59f085aff190f1b69e6f3720c841ca244e04e22b0f7a793b0792c68c4d1d5?s=96&d=mm&r=g","contentUrl":"https:\/\/secure.gravatar.com\/avatar\/3be59f085aff190f1b69e6f3720c841ca244e04e22b0f7a793b0792c68c4d1d5?s=96&d=mm&r=g","caption":"adminfagor"},"sameAs":["https:\/\/fagorautomation.com.cn"],"url":"https:\/\/fagorautomation.com.cn\/en\/author\/adminfagor\/"}]}},"featured_media_src_url":"https:\/\/fagorautomation.com.cn\/wp-content\/uploads\/pepe_perez-1.jpeg","wpml_current_locale":"en","wpml_translations":[],"_links":{"self":[{"href":"https:\/\/fagorautomation.com.cn\/en\/wp-json\/wp\/v2\/posts\/854246","targetHints":{"allow":["GET"]}}],"collection":[{"href":"https:\/\/fagorautomation.com.cn\/en\/wp-json\/wp\/v2\/posts"}],"about":[{"href":"https:\/\/fagorautomation.com.cn\/en\/wp-json\/wp\/v2\/types\/post"}],"author":[{"embeddable":true,"href":"https:\/\/fagorautomation.com.cn\/en\/wp-json\/wp\/v2\/users\/1"}],"replies":[{"embeddable":true,"href":"https:\/\/fagorautomation.com.cn\/en\/wp-json\/wp\/v2\/comments?post=854246"}],"version-history":[{"count":0,"href":"https:\/\/fagorautomation.com.cn\/en\/wp-json\/wp\/v2\/posts\/854246\/revisions"}],"wp:featuredmedia":[{"embeddable":true,"href":"https:\/\/fagorautomation.com.cn\/en\/wp-json\/wp\/v2\/media\/843403"}],"wp:attachment":[{"href":"https:\/\/fagorautomation.com.cn\/en\/wp-json\/wp\/v2\/media?parent=854246"}],"wp:term":[{"taxonomy":"category","embeddable":true,"href":"https:\/\/fagorautomation.com.cn\/en\/wp-json\/wp\/v2\/categories?post=854246"},{"taxonomy":"post_tag","embeddable":true,"href":"https:\/\/fagorautomation.com.cn\/en\/wp-json\/wp\/v2\/tags?post=854246"}],"curies":[{"name":"wp","href":"https:\/\/api.w.org\/{rel}","templated":true}]}}